{"id":3703,"date":"2024-05-31T07:10:01","date_gmt":"2024-05-31T07:10:01","guid":{"rendered":"https:\/\/ecotic.es\/digitalitzacio-sostenible-ja-ha-donat-equips-informatics-recondicionats-a-mes-de-25-000-beneficiaris\/"},"modified":"2024-06-16T17:53:16","modified_gmt":"2024-06-16T17:53:16","slug":"digitalitzacio-sostenible-ja-ha-donat-equips-informatics-recondicionats-a-mes-de-25-000-beneficiaris","status":"publish","type":"post","link":"https:\/\/ecotic.es\/ca\/digitalitzacio-sostenible-ja-ha-donat-equips-informatics-recondicionats-a-mes-de-25-000-beneficiaris\/","title":{"rendered":"\u201cDigitalitzaci\u00f3 Sostenible\u201d ja ha donat equips inform\u00e0tics recondicionats a m\u00e9s de 25.000 beneficiaris"},"content":{"rendered":"\n<p>La campanya, que porta quatre edicions, est\u00e0 impulsada per la  <strong>Fundaci\u00f3 CEOE<\/strong>  juntament amb  <strong>ECOTIC<\/strong>,  <strong>Ambilamp, Ecoasimelec, Ecofim\u00e0tica, Ecolum, Ecolec, Eco-raee&#8217;s, ECOTIC i ERP Espanya<\/strong>  i que compta amb la col\u00b7laboraci\u00f3 de  <strong>Fundaci\u00f3 SEUR<\/strong>, s&#8217;ha saldat amb m\u00e9s de 11.674 equips recuperats i lliurats a entitats socials que treballen amb col\u00b7lectius amb risc d&#8217;exclusi\u00f3.<\/p>\n\n<p>El dijous 30 de maig ha tingut lloc la presentaci\u00f3 dels resultats de la tercera edici\u00f3 de la campanya \u201dDigitalitzaci\u00f3 Sostenible\u201d amb la participaci\u00f3 de  <strong>Antonio Garamendi<\/strong> , president de la CEOE;  <strong>F\u00e1tima B\u00e1\u00f1ez<\/strong> , presidenta de la Fundaci\u00f3 CEOE;  <strong>Bego\u00f1a Aguirre<\/strong> , de BSH Electrodom\u00e8stics Espanya,  <strong>Fernando Ar\u00e9valo La-Carrer<\/strong> , Responsable de Gesti\u00f3 de Servei d&#8217;IT de CEPSA; <strong>Andreu Vil\u00e0,<\/strong> director general d&#8217;ECOTIC, <strong>Jos\u00e9 P\u00e9rez<\/strong> , conseller delegat de RECYCLIA; <strong>Ferm\u00edn Rodr\u00edguez<\/strong> , Director General de Recyberica i <strong>Elena d&#8217;Antonio<\/strong> , Directora Sales SMB &amp; Corporate de TD Synnex.<\/p>\n\n<p>Els resultats obtinguts reflecteixen un panorama encoratjador, amb la recuperaci\u00f3 de 11.674 equips i components inform\u00e0tics gr\u00e0cies a les donacions solid\u00e0ries de m\u00e9s de 120 empreses i aut\u00f2noms de tot Espanya. El 2023, el 56% dels equips han estat reutilitzats. El 44% restant dels equips i components que no es van poder reutilitzar van ser reciclats per recuperar els materials que contenen. Des de la primera edici\u00f3 de Digitalitzaci\u00f3 sostenible, s&#8217;ha aconseguit reutilitzar un 45% dels equips.<\/p>\n\n<p>Aquests dispositius recondicionats estan sent distribu\u00efts a trav\u00e9s de 80 ONG col\u00b7laboradores amb el suport de la Fundaci\u00f3 SEUR, proporcionant acc\u00e9s a la tecnologia a m\u00e9s de 25.000 persones a tot Espanya a trav\u00e9s de diversos programes i contribuint significativament a reduir la bretxa digital.<\/p>\n\n<p>A m\u00e9s de l&#8217;impacte social positiu, la recollida d&#8217;equips promoguda per la Campanya &#8220;Digitalitzaci\u00f3 Sostenible&#8221; tamb\u00e9 t\u00e9 importants beneficis ambientals. La reutilitzaci\u00f3 i el reciclatge d\u201fequips han resultat en un estalvi d\u201femissions de CO2 de m\u00e9s de 329.000 quilograms, contribuint aix\u00ed a la lluita contra l\u201fescalfament global.<\/p>\n\n<p>Antonio Garamendi va comen\u00e7ar a la jornada posant \u00e8mfasi en les 25.000 persones benefici\u00e0ries dels equips que suposa un 25% m\u00e9s que l&#8217;edici\u00f3 anterior: \u201c\u00e9s un \u00e8xit compartit per tots els que formen part del projecte\u201d. Garamendi va destacar el comprom\u00eds i la solidaritat de les m\u00e9s de 120 empreses i aut\u00f2noms de tot Espanya que han participat a la campanya.<\/p>\n\n<figure class=\"wp-block-image size-large\"><img fetchpriority=\"high\" decoding=\"async\" width=\"1030\" height=\"687\" src=\"https:\/\/ecotic.es\/wp-content\/uploads\/2024\/05\/7C1A4621_11zon-1030x687.jpg\" alt=\"\" class=\"wp-image-3354\" srcset=\"https:\/\/ecotic.es\/wp-content\/uploads\/2024\/05\/7C1A4621_11zon-1030x687.jpg 1030w, https:\/\/ecotic.es\/wp-content\/uploads\/2024\/05\/7C1A4621_11zon-300x200.jpg 300w, https:\/\/ecotic.es\/wp-content\/uploads\/2024\/05\/7C1A4621_11zon-768x512.jpg 768w, https:\/\/ecotic.es\/wp-content\/uploads\/2024\/05\/7C1A4621_11zon-1536x1024.jpg 1536w, https:\/\/ecotic.es\/wp-content\/uploads\/2024\/05\/7C1A4621_11zon-2048x1365.jpg 2048w\" sizes=\"(max-width: 1030px) 100vw, 1030px\" \/><figcaption class=\"wp-element-caption\"><em>Antonio Garamendi, President de la CEOE, en el discurs d&#8217;obertura.<\/em><\/figcaption><\/figure>\n\n<p>Andreu Vil\u00e0 va moderar el primer col\u00b7loqui de la jornada i va assenyalar que <strong>&#8220;&#8216;Digitalitzaci\u00f3 Sostenible&#8217; segueix creixent de manera significativa, per\u00f2 sempre cal una empenta m\u00e9s per reduir la bretxa digital&#8221;<\/strong> . Fernando Ar\u00e9valo La-Calle va definir les estrat\u00e8gies de CEPSA en favor de la mobilitat sostenible i l&#8217;adaptaci\u00f3 tecnol\u00f2gica i va destacar la seva participaci\u00f3 a la campanya: <strong>\u201cHem donat m\u00e9s de 2.000 dispositius a entitats socials i ONG&#8217;s\u201d<\/strong> . Per la seva banda, Bego\u00f1a Aguirre va emfatitzar el comprom\u00eds sostenible de BSH: <strong>\u201cCreiem als principis de l&#8217;economia circular i des de BSH estem treballant cap a aquest objectiu incorporant peces als nostres productes que s\u00f3n 100% reciclades\u201d<\/strong> .<\/p>\n\n<figure class=\"wp-block-image size-large\"><img decoding=\"async\" width=\"1030\" height=\"687\" src=\"https:\/\/ecotic.es\/wp-content\/uploads\/2024\/05\/7C1A4659_11zon-1030x687.jpg\" alt=\"\" class=\"wp-image-3352\" srcset=\"https:\/\/ecotic.es\/wp-content\/uploads\/2024\/05\/7C1A4659_11zon-1030x687.jpg 1030w, https:\/\/ecotic.es\/wp-content\/uploads\/2024\/05\/7C1A4659_11zon-300x200.jpg 300w, https:\/\/ecotic.es\/wp-content\/uploads\/2024\/05\/7C1A4659_11zon-768x512.jpg 768w, https:\/\/ecotic.es\/wp-content\/uploads\/2024\/05\/7C1A4659_11zon-1536x1024.jpg 1536w, https:\/\/ecotic.es\/wp-content\/uploads\/2024\/05\/7C1A4659_11zon-2048x1365.jpg 2048w\" sizes=\"(max-width: 1030px) 100vw, 1030px\" \/><figcaption class=\"wp-element-caption\"><em>D&#8217;esquerra a dreta: Fernando Ar\u00e9valo La-Calle, Responsable de Gesti\u00f3 de Servei d&#8217;IT de CEPSA; Andreu Vil\u00e0, Director General d&#8217;ECOTIC i Bego\u00f1a Aguirre, Head of Accounting and Controlling de BSH Electrodom\u00e8stics Espanya.<\/em><\/figcaption><\/figure>\n\n<p>Al segon col\u00b7loqui, que va estar moderat per Jos\u00e9 P\u00e9rez, es va iniciar la campanya del 2024. P\u00e9rez va destacar la import\u00e0ncia de la campanya per reduir la desigualtat digital i millorar els \u00edndexs de la petjada de carboni mitjan\u00e7ant la reutilitzaci\u00f3 d&#8217;equips electr\u00f2nics.<\/p>\n\n<p>Ferm\u00edn Rodr\u00edguez va reiterar el comprom\u00eds de Recyberica en la recuperaci\u00f3 de materials, afirmant que <strong>&#8220;cada equip que reacondicionem i tornem a la societat \u00e9s un pas cap a un futur m\u00e9s sostenible i equitatiu&#8221;<\/strong> . Elena de Antonio va afegir: <strong>&#8220;La tecnologia \u00e9s vital en tots els aspectes de la societat, i per tant les empreses tecnol\u00f2giques com TD Synnex tenim una responsabilitat social m\u00e9s alta que en altres sectors&#8221;<\/strong> .<\/p>\n\n<figure class=\"wp-block-image size-large\"><img decoding=\"async\" width=\"1030\" height=\"687\" src=\"https:\/\/ecotic.es\/wp-content\/uploads\/2024\/05\/7C1A4739_11zon-1030x687.jpg\" alt=\"\" class=\"wp-image-3356\" srcset=\"https:\/\/ecotic.es\/wp-content\/uploads\/2024\/05\/7C1A4739_11zon-1030x687.jpg 1030w, https:\/\/ecotic.es\/wp-content\/uploads\/2024\/05\/7C1A4739_11zon-300x200.jpg 300w, https:\/\/ecotic.es\/wp-content\/uploads\/2024\/05\/7C1A4739_11zon-768x512.jpg 768w, https:\/\/ecotic.es\/wp-content\/uploads\/2024\/05\/7C1A4739_11zon-1536x1024.jpg 1536w, https:\/\/ecotic.es\/wp-content\/uploads\/2024\/05\/7C1A4739_11zon-2048x1365.jpg 2048w\" sizes=\"(max-width: 1030px) 100vw, 1030px\" \/><figcaption class=\"wp-element-caption\"><em>D&#8217;esquerra a dreta: Ferm\u00edn Rodr\u00edguez, director general de Recyberica; Jos\u00e9 P\u00e9rez, Conseller Delegat de Recyclia i Elena d&#8217;Antonio, Directora Sales SMB &amp; Corporate de TD Synnex.<\/em><\/figcaption><\/figure>\n\n<p>F\u00e1tima B\u00e1\u00f1ez va concloure la presentaci\u00f3 de resultats ressaltant la voluntat de les empreses per col\u00b7laborar i va celebrar l&#8217;impacte positiu tant social com ambiental de la campanya, esmentant que  <strong>\u201cDigitalitzaci\u00f3 Sostenible \u00e9s un projecte triangular que uneix tecnologia, sostenibilitat i persones. Una alliance que posa a les persones tot el nostre esfor\u00e7.&#8221;<\/strong>.<\/p>\n\n<figure class=\"wp-block-image size-large\"><img loading=\"lazy\" decoding=\"async\" width=\"1030\" height=\"687\" src=\"https:\/\/ecotic.es\/wp-content\/uploads\/2024\/05\/7C1A4799_11zon-1030x687.jpg\" alt=\"\" class=\"wp-image-3358\" srcset=\"https:\/\/ecotic.es\/wp-content\/uploads\/2024\/05\/7C1A4799_11zon-1030x687.jpg 1030w, https:\/\/ecotic.es\/wp-content\/uploads\/2024\/05\/7C1A4799_11zon-300x200.jpg 300w, https:\/\/ecotic.es\/wp-content\/uploads\/2024\/05\/7C1A4799_11zon-768x512.jpg 768w, https:\/\/ecotic.es\/wp-content\/uploads\/2024\/05\/7C1A4799_11zon-1536x1024.jpg 1536w, https:\/\/ecotic.es\/wp-content\/uploads\/2024\/05\/7C1A4799_11zon-2048x1365.jpg 2048w\" sizes=\"(max-width: 1030px) 100vw, 1030px\" \/><figcaption class=\"wp-element-caption\"><em>F\u00e1tima B\u00e1\u00f1ez, Presidenta de la Fundaci\u00f3 CEOE, en el discurs de tancament de l&#8217;acte.<\/em><\/figcaption><\/figure>\n\n<p>M\u00e9s informaci\u00f3 i inscripcions a <strong><a href=\"http:\/\/www.digitalysostenible.com\/\" target=\"_blank\" rel=\"noreferrer noopener\">www.digitalysostenible.com<\/a><\/strong><\/p>\n","protected":false},"excerpt":{"rendered":"<p>La campanya, que porta quatre edicions, est\u00e0 impulsada per la Fundaci\u00f3 CEOE juntament amb ECOTIC, Ambilamp, Ecoasimelec, Ecofim\u00e0tica, Ecolum, Ecolec, Eco-raee&#8217;s, ECOTIC i ERP Espanya i que compta amb la col\u00b7laboraci\u00f3 de Fundaci\u00f3 SEUR, s&#8217;ha saldat amb m\u00e9s de 11.674 equips recuperats i lliurats a entitats socials que treballen amb col\u00b7lectius amb risc d&#8217;exclusi\u00f3. El [&hellip;]<\/p>\n","protected":false},"author":2,"featured_media":3709,"comment_status":"open","ping_status":"closed","sticky":false,"template":"","format":"standard","meta":{"footnotes":""},"categories":[2],"tags":[],"class_list":["post-3703","post","type-post","status-publish","format-standard","has-post-thumbnail","hentry","category-uncategorized-ca"],"yoast_head":"<!-- This site is optimized with the Yoast SEO plugin v27.5 - https:\/\/yoast.com\/product\/yoast-seo-wordpress\/ -->\n<title>\u201cDigitalitzaci\u00f3 Sostenible\u201d ja ha donat equips inform\u00e0tics recondicionats a m\u00e9s de 25.000 beneficiaris - Ecotic Entidad administradora<\/title>\n<meta name=\"robots\" content=\"index, follow, max-snippet:-1, max-image-preview:large, max-video-preview:-1\" \/>\n<link rel=\"canonical\" href=\"https:\/\/ecotic.es\/ca\/digitalitzacio-sostenible-ja-ha-donat-equips-informatics-recondicionats-a-mes-de-25-000-beneficiaris\/\" \/>\n<meta property=\"og:locale\" content=\"ca_ES\" \/>\n<meta property=\"og:type\" content=\"article\" \/>\n<meta property=\"og:title\" content=\"\u201cDigitalitzaci\u00f3 Sostenible\u201d ja ha donat equips inform\u00e0tics recondicionats a m\u00e9s de 25.000 beneficiaris - Ecotic Entidad administradora\" \/>\n<meta property=\"og:description\" content=\"La campanya, que porta quatre edicions, est\u00e0 impulsada per la Fundaci\u00f3 CEOE juntament amb ECOTIC, Ambilamp, Ecoasimelec, Ecofim\u00e0tica, Ecolum, Ecolec, Eco-raee&#8217;s, ECOTIC i ERP Espanya i que compta amb la col\u00b7laboraci\u00f3 de Fundaci\u00f3 SEUR, s&#8217;ha saldat amb m\u00e9s de 11.674 equips recuperats i lliurats a entitats socials que treballen amb col\u00b7lectius amb risc d&#8217;exclusi\u00f3. El [&hellip;]\" \/>\n<meta property=\"og:url\" content=\"https:\/\/ecotic.es\/ca\/digitalitzacio-sostenible-ja-ha-donat-equips-informatics-recondicionats-a-mes-de-25-000-beneficiaris\/\" \/>\n<meta property=\"og:site_name\" content=\"Ecotic Entidad administradora\" \/>\n<meta property=\"article:published_time\" content=\"2024-05-31T07:10:01+00:00\" \/>\n<meta property=\"article:modified_time\" content=\"2024-06-16T17:53:16+00:00\" \/>\n<meta property=\"og:image\" content=\"https:\/\/ecotic.es\/wp-content\/uploads\/2024\/05\/7C1A4587-1-1_11zon-1-1-scaled.jpg\" \/>\n\t<meta property=\"og:image:width\" content=\"2560\" \/>\n\t<meta property=\"og:image:height\" content=\"1707\" \/>\n\t<meta property=\"og:image:type\" content=\"image\/jpeg\" \/>\n<meta name=\"author\" content=\"Fernando\" \/>\n<meta name=\"twitter:card\" content=\"summary_large_image\" \/>\n<meta name=\"twitter:label1\" content=\"Escrit per\" \/>\n\t<meta name=\"twitter:data1\" content=\"Fernando\" \/>\n\t<meta name=\"twitter:label2\" content=\"Temps estimat de lectura\" \/>\n\t<meta name=\"twitter:data2\" content=\"4 minuts\" \/>\n<script type=\"application\/ld+json\" class=\"yoast-schema-graph\">{\"@context\":\"https:\\\/\\\/schema.org\",\"@graph\":[{\"@type\":\"Article\",\"@id\":\"https:\\\/\\\/ecotic.es\\\/ca\\\/digitalitzacio-sostenible-ja-ha-donat-equips-informatics-recondicionats-a-mes-de-25-000-beneficiaris\\\/#article\",\"isPartOf\":{\"@id\":\"https:\\\/\\\/ecotic.es\\\/ca\\\/digitalitzacio-sostenible-ja-ha-donat-equips-informatics-recondicionats-a-mes-de-25-000-beneficiaris\\\/\"},\"author\":{\"name\":\"Fernando\",\"@id\":\"https:\\\/\\\/ecotic.es\\\/ca\\\/#\\\/schema\\\/person\\\/81f8d37c6240b63671113709246afb54\"},\"headline\":\"\u201cDigitalitzaci\u00f3 Sostenible\u201d ja ha donat equips inform\u00e0tics recondicionats a m\u00e9s de 25.000 beneficiaris\",\"datePublished\":\"2024-05-31T07:10:01+00:00\",\"dateModified\":\"2024-06-16T17:53:16+00:00\",\"mainEntityOfPage\":{\"@id\":\"https:\\\/\\\/ecotic.es\\\/ca\\\/digitalitzacio-sostenible-ja-ha-donat-equips-informatics-recondicionats-a-mes-de-25-000-beneficiaris\\\/\"},\"wordCount\":817,\"commentCount\":0,\"publisher\":{\"@id\":\"https:\\\/\\\/ecotic.es\\\/ca\\\/#organization\"},\"image\":{\"@id\":\"https:\\\/\\\/ecotic.es\\\/ca\\\/digitalitzacio-sostenible-ja-ha-donat-equips-informatics-recondicionats-a-mes-de-25-000-beneficiaris\\\/#primaryimage\"},\"thumbnailUrl\":\"https:\\\/\\\/ecotic.es\\\/wp-content\\\/uploads\\\/2024\\\/05\\\/7C1A4587-1-1_11zon-1-1-scaled.jpg\",\"articleSection\":[\"Uncategorized @ca\"],\"inLanguage\":\"ca\"},{\"@type\":\"WebPage\",\"@id\":\"https:\\\/\\\/ecotic.es\\\/ca\\\/digitalitzacio-sostenible-ja-ha-donat-equips-informatics-recondicionats-a-mes-de-25-000-beneficiaris\\\/\",\"url\":\"https:\\\/\\\/ecotic.es\\\/ca\\\/digitalitzacio-sostenible-ja-ha-donat-equips-informatics-recondicionats-a-mes-de-25-000-beneficiaris\\\/\",\"name\":\"\u201cDigitalitzaci\u00f3 Sostenible\u201d ja ha donat equips inform\u00e0tics recondicionats a m\u00e9s de 25.000 beneficiaris - Ecotic Entidad administradora\",\"isPartOf\":{\"@id\":\"https:\\\/\\\/ecotic.es\\\/ca\\\/#website\"},\"primaryImageOfPage\":{\"@id\":\"https:\\\/\\\/ecotic.es\\\/ca\\\/digitalitzacio-sostenible-ja-ha-donat-equips-informatics-recondicionats-a-mes-de-25-000-beneficiaris\\\/#primaryimage\"},\"image\":{\"@id\":\"https:\\\/\\\/ecotic.es\\\/ca\\\/digitalitzacio-sostenible-ja-ha-donat-equips-informatics-recondicionats-a-mes-de-25-000-beneficiaris\\\/#primaryimage\"},\"thumbnailUrl\":\"https:\\\/\\\/ecotic.es\\\/wp-content\\\/uploads\\\/2024\\\/05\\\/7C1A4587-1-1_11zon-1-1-scaled.jpg\",\"datePublished\":\"2024-05-31T07:10:01+00:00\",\"dateModified\":\"2024-06-16T17:53:16+00:00\",\"breadcrumb\":{\"@id\":\"https:\\\/\\\/ecotic.es\\\/ca\\\/digitalitzacio-sostenible-ja-ha-donat-equips-informatics-recondicionats-a-mes-de-25-000-beneficiaris\\\/#breadcrumb\"},\"inLanguage\":\"ca\",\"potentialAction\":[{\"@type\":\"ReadAction\",\"target\":[\"https:\\\/\\\/ecotic.es\\\/ca\\\/digitalitzacio-sostenible-ja-ha-donat-equips-informatics-recondicionats-a-mes-de-25-000-beneficiaris\\\/\"]}]},{\"@type\":\"ImageObject\",\"inLanguage\":\"ca\",\"@id\":\"https:\\\/\\\/ecotic.es\\\/ca\\\/digitalitzacio-sostenible-ja-ha-donat-equips-informatics-recondicionats-a-mes-de-25-000-beneficiaris\\\/#primaryimage\",\"url\":\"https:\\\/\\\/ecotic.es\\\/wp-content\\\/uploads\\\/2024\\\/05\\\/7C1A4587-1-1_11zon-1-1-scaled.jpg\",\"contentUrl\":\"https:\\\/\\\/ecotic.es\\\/wp-content\\\/uploads\\\/2024\\\/05\\\/7C1A4587-1-1_11zon-1-1-scaled.jpg\",\"width\":2560,\"height\":1707},{\"@type\":\"BreadcrumbList\",\"@id\":\"https:\\\/\\\/ecotic.es\\\/ca\\\/digitalitzacio-sostenible-ja-ha-donat-equips-informatics-recondicionats-a-mes-de-25-000-beneficiaris\\\/#breadcrumb\",\"itemListElement\":[{\"@type\":\"ListItem\",\"position\":1,\"name\":\"Portada\",\"item\":\"https:\\\/\\\/ecotic.es\\\/ca\\\/\"},{\"@type\":\"ListItem\",\"position\":2,\"name\":\"\u201cDigitalitzaci\u00f3 Sostenible\u201d ja ha donat equips inform\u00e0tics recondicionats a m\u00e9s de 25.000 beneficiaris\"}]},{\"@type\":\"WebSite\",\"@id\":\"https:\\\/\\\/ecotic.es\\\/ca\\\/#website\",\"url\":\"https:\\\/\\\/ecotic.es\\\/ca\\\/\",\"name\":\"Ecotic Entidad administradora\",\"description\":\"Ecotic EA\",\"publisher\":{\"@id\":\"https:\\\/\\\/ecotic.es\\\/ca\\\/#organization\"},\"potentialAction\":[{\"@type\":\"SearchAction\",\"target\":{\"@type\":\"EntryPoint\",\"urlTemplate\":\"https:\\\/\\\/ecotic.es\\\/ca\\\/?s={search_term_string}\"},\"query-input\":{\"@type\":\"PropertyValueSpecification\",\"valueRequired\":true,\"valueName\":\"search_term_string\"}}],\"inLanguage\":\"ca\"},{\"@type\":\"Organization\",\"@id\":\"https:\\\/\\\/ecotic.es\\\/ca\\\/#organization\",\"name\":\"Ecotic Entidad administradora\",\"url\":\"https:\\\/\\\/ecotic.es\\\/ca\\\/\",\"logo\":{\"@type\":\"ImageObject\",\"inLanguage\":\"ca\",\"@id\":\"https:\\\/\\\/ecotic.es\\\/ca\\\/#\\\/schema\\\/logo\\\/image\\\/\",\"url\":\"https:\\\/\\\/ecotic.es\\\/wp-content\\\/uploads\\\/2025\\\/03\\\/Ecotic_20-Aniversario.svg\",\"contentUrl\":\"https:\\\/\\\/ecotic.es\\\/wp-content\\\/uploads\\\/2025\\\/03\\\/Ecotic_20-Aniversario.svg\",\"caption\":\"Ecotic Entidad administradora\"},\"image\":{\"@id\":\"https:\\\/\\\/ecotic.es\\\/ca\\\/#\\\/schema\\\/logo\\\/image\\\/\"}},{\"@type\":\"Person\",\"@id\":\"https:\\\/\\\/ecotic.es\\\/ca\\\/#\\\/schema\\\/person\\\/81f8d37c6240b63671113709246afb54\",\"name\":\"Fernando\",\"image\":{\"@type\":\"ImageObject\",\"inLanguage\":\"ca\",\"@id\":\"https:\\\/\\\/secure.gravatar.com\\\/avatar\\\/8be3d5cfc9f2376d436025eea87be5a2fbd622ef9ebbbd62bd6fa812b9696f06?s=96&d=mm&r=g\",\"url\":\"https:\\\/\\\/secure.gravatar.com\\\/avatar\\\/8be3d5cfc9f2376d436025eea87be5a2fbd622ef9ebbbd62bd6fa812b9696f06?s=96&d=mm&r=g\",\"contentUrl\":\"https:\\\/\\\/secure.gravatar.com\\\/avatar\\\/8be3d5cfc9f2376d436025eea87be5a2fbd622ef9ebbbd62bd6fa812b9696f06?s=96&d=mm&r=g\",\"caption\":\"Fernando\"},\"url\":\"https:\\\/\\\/ecotic.es\\\/ca\\\/author\\\/fernando\\\/\"}]}<\/script>\n<!-- \/ Yoast SEO plugin. -->","yoast_head_json":{"title":"\u201cDigitalitzaci\u00f3 Sostenible\u201d ja ha donat equips inform\u00e0tics recondicionats a m\u00e9s de 25.000 beneficiaris - Ecotic Entidad administradora","robots":{"index":"index","follow":"follow","max-snippet":"max-snippet:-1","max-image-preview":"max-image-preview:large","max-video-preview":"max-video-preview:-1"},"canonical":"https:\/\/ecotic.es\/ca\/digitalitzacio-sostenible-ja-ha-donat-equips-informatics-recondicionats-a-mes-de-25-000-beneficiaris\/","og_locale":"ca_ES","og_type":"article","og_title":"\u201cDigitalitzaci\u00f3 Sostenible\u201d ja ha donat equips inform\u00e0tics recondicionats a m\u00e9s de 25.000 beneficiaris - Ecotic Entidad administradora","og_description":"La campanya, que porta quatre edicions, est\u00e0 impulsada per la Fundaci\u00f3 CEOE juntament amb ECOTIC, Ambilamp, Ecoasimelec, Ecofim\u00e0tica, Ecolum, Ecolec, Eco-raee&#8217;s, ECOTIC i ERP Espanya i que compta amb la col\u00b7laboraci\u00f3 de Fundaci\u00f3 SEUR, s&#8217;ha saldat amb m\u00e9s de 11.674 equips recuperats i lliurats a entitats socials que treballen amb col\u00b7lectius amb risc d&#8217;exclusi\u00f3. El [&hellip;]","og_url":"https:\/\/ecotic.es\/ca\/digitalitzacio-sostenible-ja-ha-donat-equips-informatics-recondicionats-a-mes-de-25-000-beneficiaris\/","og_site_name":"Ecotic Entidad administradora","article_published_time":"2024-05-31T07:10:01+00:00","article_modified_time":"2024-06-16T17:53:16+00:00","og_image":[{"width":2560,"height":1707,"url":"https:\/\/ecotic.es\/wp-content\/uploads\/2024\/05\/7C1A4587-1-1_11zon-1-1-scaled.jpg","type":"image\/jpeg"}],"author":"Fernando","twitter_card":"summary_large_image","twitter_misc":{"Escrit per":"Fernando","Temps estimat de lectura":"4 minuts"},"schema":{"@context":"https:\/\/schema.org","@graph":[{"@type":"Article","@id":"https:\/\/ecotic.es\/ca\/digitalitzacio-sostenible-ja-ha-donat-equips-informatics-recondicionats-a-mes-de-25-000-beneficiaris\/#article","isPartOf":{"@id":"https:\/\/ecotic.es\/ca\/digitalitzacio-sostenible-ja-ha-donat-equips-informatics-recondicionats-a-mes-de-25-000-beneficiaris\/"},"author":{"name":"Fernando","@id":"https:\/\/ecotic.es\/ca\/#\/schema\/person\/81f8d37c6240b63671113709246afb54"},"headline":"\u201cDigitalitzaci\u00f3 Sostenible\u201d ja ha donat equips inform\u00e0tics recondicionats a m\u00e9s de 25.000 beneficiaris","datePublished":"2024-05-31T07:10:01+00:00","dateModified":"2024-06-16T17:53:16+00:00","mainEntityOfPage":{"@id":"https:\/\/ecotic.es\/ca\/digitalitzacio-sostenible-ja-ha-donat-equips-informatics-recondicionats-a-mes-de-25-000-beneficiaris\/"},"wordCount":817,"commentCount":0,"publisher":{"@id":"https:\/\/ecotic.es\/ca\/#organization"},"image":{"@id":"https:\/\/ecotic.es\/ca\/digitalitzacio-sostenible-ja-ha-donat-equips-informatics-recondicionats-a-mes-de-25-000-beneficiaris\/#primaryimage"},"thumbnailUrl":"https:\/\/ecotic.es\/wp-content\/uploads\/2024\/05\/7C1A4587-1-1_11zon-1-1-scaled.jpg","articleSection":["Uncategorized @ca"],"inLanguage":"ca"},{"@type":"WebPage","@id":"https:\/\/ecotic.es\/ca\/digitalitzacio-sostenible-ja-ha-donat-equips-informatics-recondicionats-a-mes-de-25-000-beneficiaris\/","url":"https:\/\/ecotic.es\/ca\/digitalitzacio-sostenible-ja-ha-donat-equips-informatics-recondicionats-a-mes-de-25-000-beneficiaris\/","name":"\u201cDigitalitzaci\u00f3 Sostenible\u201d ja ha donat equips inform\u00e0tics recondicionats a m\u00e9s de 25.000 beneficiaris - Ecotic Entidad administradora","isPartOf":{"@id":"https:\/\/ecotic.es\/ca\/#website"},"primaryImageOfPage":{"@id":"https:\/\/ecotic.es\/ca\/digitalitzacio-sostenible-ja-ha-donat-equips-informatics-recondicionats-a-mes-de-25-000-beneficiaris\/#primaryimage"},"image":{"@id":"https:\/\/ecotic.es\/ca\/digitalitzacio-sostenible-ja-ha-donat-equips-informatics-recondicionats-a-mes-de-25-000-beneficiaris\/#primaryimage"},"thumbnailUrl":"https:\/\/ecotic.es\/wp-content\/uploads\/2024\/05\/7C1A4587-1-1_11zon-1-1-scaled.jpg","datePublished":"2024-05-31T07:10:01+00:00","dateModified":"2024-06-16T17:53:16+00:00","breadcrumb":{"@id":"https:\/\/ecotic.es\/ca\/digitalitzacio-sostenible-ja-ha-donat-equips-informatics-recondicionats-a-mes-de-25-000-beneficiaris\/#breadcrumb"},"inLanguage":"ca","potentialAction":[{"@type":"ReadAction","target":["https:\/\/ecotic.es\/ca\/digitalitzacio-sostenible-ja-ha-donat-equips-informatics-recondicionats-a-mes-de-25-000-beneficiaris\/"]}]},{"@type":"ImageObject","inLanguage":"ca","@id":"https:\/\/ecotic.es\/ca\/digitalitzacio-sostenible-ja-ha-donat-equips-informatics-recondicionats-a-mes-de-25-000-beneficiaris\/#primaryimage","url":"https:\/\/ecotic.es\/wp-content\/uploads\/2024\/05\/7C1A4587-1-1_11zon-1-1-scaled.jpg","contentUrl":"https:\/\/ecotic.es\/wp-content\/uploads\/2024\/05\/7C1A4587-1-1_11zon-1-1-scaled.jpg","width":2560,"height":1707},{"@type":"BreadcrumbList","@id":"https:\/\/ecotic.es\/ca\/digitalitzacio-sostenible-ja-ha-donat-equips-informatics-recondicionats-a-mes-de-25-000-beneficiaris\/#breadcrumb","itemListElement":[{"@type":"ListItem","position":1,"name":"Portada","item":"https:\/\/ecotic.es\/ca\/"},{"@type":"ListItem","position":2,"name":"\u201cDigitalitzaci\u00f3 Sostenible\u201d ja ha donat equips inform\u00e0tics recondicionats a m\u00e9s de 25.000 beneficiaris"}]},{"@type":"WebSite","@id":"https:\/\/ecotic.es\/ca\/#website","url":"https:\/\/ecotic.es\/ca\/","name":"Ecotic Entidad administradora","description":"Ecotic EA","publisher":{"@id":"https:\/\/ecotic.es\/ca\/#organization"},"potentialAction":[{"@type":"SearchAction","target":{"@type":"EntryPoint","urlTemplate":"https:\/\/ecotic.es\/ca\/?s={search_term_string}"},"query-input":{"@type":"PropertyValueSpecification","valueRequired":true,"valueName":"search_term_string"}}],"inLanguage":"ca"},{"@type":"Organization","@id":"https:\/\/ecotic.es\/ca\/#organization","name":"Ecotic Entidad administradora","url":"https:\/\/ecotic.es\/ca\/","logo":{"@type":"ImageObject","inLanguage":"ca","@id":"https:\/\/ecotic.es\/ca\/#\/schema\/logo\/image\/","url":"https:\/\/ecotic.es\/wp-content\/uploads\/2025\/03\/Ecotic_20-Aniversario.svg","contentUrl":"https:\/\/ecotic.es\/wp-content\/uploads\/2025\/03\/Ecotic_20-Aniversario.svg","caption":"Ecotic Entidad administradora"},"image":{"@id":"https:\/\/ecotic.es\/ca\/#\/schema\/logo\/image\/"}},{"@type":"Person","@id":"https:\/\/ecotic.es\/ca\/#\/schema\/person\/81f8d37c6240b63671113709246afb54","name":"Fernando","image":{"@type":"ImageObject","inLanguage":"ca","@id":"https:\/\/secure.gravatar.com\/avatar\/8be3d5cfc9f2376d436025eea87be5a2fbd622ef9ebbbd62bd6fa812b9696f06?s=96&d=mm&r=g","url":"https:\/\/secure.gravatar.com\/avatar\/8be3d5cfc9f2376d436025eea87be5a2fbd622ef9ebbbd62bd6fa812b9696f06?s=96&d=mm&r=g","contentUrl":"https:\/\/secure.gravatar.com\/avatar\/8be3d5cfc9f2376d436025eea87be5a2fbd622ef9ebbbd62bd6fa812b9696f06?s=96&d=mm&r=g","caption":"Fernando"},"url":"https:\/\/ecotic.es\/ca\/author\/fernando\/"}]}},"_links":{"self":[{"href":"https:\/\/ecotic.es\/ca\/wp-json\/wp\/v2\/posts\/3703","targetHints":{"allow":["GET"]}}],"collection":[{"href":"https:\/\/ecotic.es\/ca\/wp-json\/wp\/v2\/posts"}],"about":[{"href":"https:\/\/ecotic.es\/ca\/wp-json\/wp\/v2\/types\/post"}],"author":[{"embeddable":true,"href":"https:\/\/ecotic.es\/ca\/wp-json\/wp\/v2\/users\/2"}],"replies":[{"embeddable":true,"href":"https:\/\/ecotic.es\/ca\/wp-json\/wp\/v2\/comments?post=3703"}],"version-history":[{"count":1,"href":"https:\/\/ecotic.es\/ca\/wp-json\/wp\/v2\/posts\/3703\/revisions"}],"predecessor-version":[{"id":3710,"href":"https:\/\/ecotic.es\/ca\/wp-json\/wp\/v2\/posts\/3703\/revisions\/3710"}],"wp:featuredmedia":[{"embeddable":true,"href":"https:\/\/ecotic.es\/ca\/wp-json\/wp\/v2\/media\/3709"}],"wp:attachment":[{"href":"https:\/\/ecotic.es\/ca\/wp-json\/wp\/v2\/media?parent=3703"}],"wp:term":[{"taxonomy":"category","embeddable":true,"href":"https:\/\/ecotic.es\/ca\/wp-json\/wp\/v2\/categories?post=3703"},{"taxonomy":"post_tag","embeddable":true,"href":"https:\/\/ecotic.es\/ca\/wp-json\/wp\/v2\/tags?post=3703"}],"curies":[{"name":"wp","href":"https:\/\/api.w.org\/{rel}","templated":true}]}}